{"id":626,"date":"2021-08-08T21:05:35","date_gmt":"2021-08-09T02:05:35","guid":{"rendered":"https:\/\/usmilecenter.com\/?p=626"},"modified":"2021-08-08T21:09:13","modified_gmt":"2021-08-09T02:09:13","slug":"bebes-en-riesgo","status":"publish","type":"post","link":"https:\/\/usmilecenter.com\/en\/bebes-en-riesgo\/","title":{"rendered":"Beb\u00e9s en riesgo por enfermedad periodontal"},"content":{"rendered":"<h2 class=\"wp-block-heading\">Beb\u00e9s en riesgo por enfermedad periodontal<\/h2>\n\n\n\n<p>La enfermedad periodontal \u2013una infecci\u00f3n en los tejidos que sostienen los dientes\u2013 es un factor de riesgo muy alto de parto prematuro.<\/p>\n\n\n\n<p>Esto se debe a la presencia de bacterias anaerobias \u2013que proliferan sin ox\u00edgeno- ante las cuales el sistema inmunol\u00f3gico de la persona busca defenderse a nivel celular por medio de la secreci\u00f3n de prote\u00ednas denominadas citoquinas y de sustancias conocidas como prostaglandinas.&nbsp;<\/p>\n\n\n\n<p>Las prostaglandinas se encargan, entre otras cosas, de controlar la presi\u00f3n arterial y la contracci\u00f3n de los m\u00fasculos, por lo que pueden estimular al \u00fatero para desencadenar el parto antes de tiempo.&nbsp;<\/p>\n\n\n\n<p>Se considera nacimiento prematuro al que sucede antes de la semana 37 de gestaci\u00f3n o cuando el peso del beb\u00e9 no alcanza los 2500 gramos (2.5kg). En ambas casos, los infantes tienden a presentar problemas en su desarrollo oral.&nbsp;&nbsp;<\/p>\n\n\n\n<p>Algunos de estos ni\u00f1os sufren traumatismos bucales debido a la intubaci\u00f3n endotraqueal a la que deben ser sometidos al nacer. Debido a ello presentar\u00e1n alteraciones en los dientes incisivos superiores, principalmente.&nbsp;&nbsp;&nbsp;<\/p>\n\n\n\n<p>Las patolog\u00edas orales m\u00e1s frecuentes en beb\u00e9s prematuros son:&nbsp;<\/p>\n\n\n\n<ol><li>Defectos de esmalte como p\u00e9rdida del mismo y opacidades (riesgo de caries)&nbsp;<\/li><li>Alteraciones a nivel del paladar, como fisura y mordida cruzada&nbsp;<\/li><li>Maduraci\u00f3n y erupci\u00f3n dentaria tard\u00edas&nbsp;<\/li><li>Dientes de menor tama\u00f1o&nbsp;<\/li><\/ol>\n\n\n\n<p>Otros desencadenantes de un parto prematuro, van desde el consumo de alcohol y drogas, hasta la edad de la madre \u2013muy joven o en edad madura-, as\u00ed como factores asociados a la pobreza.&nbsp;&nbsp;<\/p>\n\n\n\n<p>Una rutina de higiene bucal que incluya cepillado, enjuague e hilo dental, por lo menos dos veces al d\u00eda, resulta una forma efectiva de evitar la formaci\u00f3n de sarro y con ello prevenir la enfermedad periodontal y sus riesgos en el embarazo.&nbsp;&nbsp;<\/p>","protected":false},"excerpt":{"rendered":"<p>Beb\u00e9s en riesgo por enfermedad periodontal La enfermedad periodontal \u2013una infecci\u00f3n en los tejidos que &#8230; <a title=\"Beb\u00e9s en riesgo por enfermedad periodontal\" class=\"read-more\" href=\"https:\/\/usmilecenter.com\/en\/bebes-en-riesgo\/\" aria-label=\"More on Beb\u00e9s en riesgo por enfermedad periodontal\">Read more<\/a><\/p>","protected":false},"author":1,"featured_media":623,"comment_status":"open","ping_status":"closed","sticky":false,"template":"","format":"standard","meta":{"footnotes":""},"categories":[1],"tags":[],"yoast_head":"<!-- This site is optimized with the Yoast SEO plugin v19.6 - https:\/\/yoast.com\/wordpress\/plugins\/seo\/ -->\n<title>Beb\u00e9s en riesgo por enfermedad periodontal - Usmile Center - Clinica Dental<\/title>\n<meta name=\"description\" content=\"La enfermedad periodontal \u2013una infecci\u00f3n en los tejidos que sostienen los dientes\u2013 es un factor de riesgo muy alto de parto prematuro.\" \/>\n<meta name=\"robots\" content=\"index, follow, max-snippet:-1, max-image-preview:large, max-video-preview:-1\" \/>\n<link rel=\"canonical\" href=\"https:\/\/usmilecenter.com\/en\/bebes-en-riesgo\/\" \/>\n<meta property=\"og:locale\" content=\"en_US\" \/>\n<meta property=\"og:type\" content=\"article\" \/>\n<meta property=\"og:title\" content=\"Beb\u00e9s en riesgo por enfermedad periodontal - Usmile Center - Clinica Dental\" \/>\n<meta property=\"og:description\" content=\"La enfermedad periodontal \u2013una infecci\u00f3n en los tejidos que sostienen los dientes\u2013 es un factor de riesgo muy alto de parto prematuro.\" \/>\n<meta property=\"og:url\" content=\"https:\/\/usmilecenter.com\/en\/bebes-en-riesgo\/\" \/>\n<meta property=\"og:site_name\" content=\"Usmile Center - Clinica Dental\" \/>\n<meta property=\"article:published_time\" content=\"2021-08-09T02:05:35+00:00\" \/>\n<meta property=\"article:modified_time\" content=\"2021-08-09T02:09:13+00:00\" \/>\n<meta property=\"og:image\" content=\"https:\/\/usmilecenter.com\/wp-content\/uploads\/2021\/08\/bebes-y-enfermedad-periodontal.jpg\" \/>\n\t<meta property=\"og:image:width\" content=\"1200\" \/>\n\t<meta property=\"og:image:height\" content=\"625\" \/>\n\t<meta property=\"og:image:type\" content=\"image\/jpeg\" \/>\n<meta name=\"author\" content=\"admin\" \/>\n<meta name=\"twitter:card\" content=\"summary_large_image\" \/>\n<meta name=\"twitter:label1\" content=\"Written by\" \/>\n\t<meta name=\"twitter:data1\" content=\"admin\" \/>\n\t<meta name=\"twitter:label2\" content=\"Est. reading time\" \/>\n\t<meta name=\"twitter:data2\" content=\"2 minutes\" \/>\n<script type=\"application\/ld+json\" class=\"yoast-schema-graph\">{\"@context\":\"https:\/\/schema.org\",\"@graph\":[{\"@type\":\"WebPage\",\"@id\":\"https:\/\/usmilecenter.com\/bebes-en-riesgo\/\",\"url\":\"https:\/\/usmilecenter.com\/bebes-en-riesgo\/\",\"name\":\"Beb\u00e9s en riesgo por enfermedad periodontal - Usmile Center - Clinica Dental\",\"isPartOf\":{\"@id\":\"https:\/\/usmilecenter.com\/#website\"},\"datePublished\":\"2021-08-09T02:05:35+00:00\",\"dateModified\":\"2021-08-09T02:09:13+00:00\",\"author\":{\"@id\":\"https:\/\/usmilecenter.com\/#\/schema\/person\/215b810907165c1a583e895d03601336\"},\"description\":\"La enfermedad periodontal \u2013una infecci\u00f3n en los tejidos que sostienen los dientes\u2013 es un factor de riesgo muy alto de parto prematuro.\",\"breadcrumb\":{\"@id\":\"https:\/\/usmilecenter.com\/bebes-en-riesgo\/#breadcrumb\"},\"inLanguage\":\"en-US\",\"potentialAction\":[{\"@type\":\"ReadAction\",\"target\":[\"https:\/\/usmilecenter.com\/bebes-en-riesgo\/\"]}]},{\"@type\":\"BreadcrumbList\",\"@id\":\"https:\/\/usmilecenter.com\/bebes-en-riesgo\/#breadcrumb\",\"itemListElement\":[{\"@type\":\"ListItem\",\"position\":1,\"name\":\"Portada\",\"item\":\"https:\/\/usmilecenter.com\/\"},{\"@type\":\"ListItem\",\"position\":2,\"name\":\"Beb\u00e9s en riesgo por enfermedad periodontal\"}]},{\"@type\":\"WebSite\",\"@id\":\"https:\/\/usmilecenter.com\/#website\",\"url\":\"https:\/\/usmilecenter.com\/\",\"name\":\"Usmile Center - Clinica Dental\",\"description\":\"Tu mejor sonrisa\",\"potentialAction\":[{\"@type\":\"SearchAction\",\"target\":{\"@type\":\"EntryPoint\",\"urlTemplate\":\"https:\/\/usmilecenter.com\/?s={search_term_string}\"},\"query-input\":\"required name=search_term_string\"}],\"inLanguage\":\"en-US\"},{\"@type\":\"Person\",\"@id\":\"https:\/\/usmilecenter.com\/#\/schema\/person\/215b810907165c1a583e895d03601336\",\"name\":\"admin\",\"image\":{\"@type\":\"ImageObject\",\"inLanguage\":\"en-US\",\"@id\":\"https:\/\/usmilecenter.com\/#\/schema\/person\/image\/\",\"url\":\"https:\/\/secure.gravatar.com\/avatar\/06736c2e56078d3b81af87c0b2236d81?s=96&d=mm&r=g\",\"contentUrl\":\"https:\/\/secure.gravatar.com\/avatar\/06736c2e56078d3b81af87c0b2236d81?s=96&d=mm&r=g\",\"caption\":\"admin\"},\"sameAs\":[\"https:\/\/usmilecenter.com\"],\"url\":\"https:\/\/usmilecenter.com\/en\/author\/admin\/\"}]}<\/script>\n<!-- \/ Yoast SEO plugin. -->","yoast_head_json":{"title":"Beb\u00e9s en riesgo por enfermedad periodontal - Usmile Center - Clinica Dental","description":"La enfermedad periodontal \u2013una infecci\u00f3n en los tejidos que sostienen los dientes\u2013 es un factor de riesgo muy alto de parto prematuro.","robots":{"index":"index","follow":"follow","max-snippet":"max-snippet:-1","max-image-preview":"max-image-preview:large","max-video-preview":"max-video-preview:-1"},"canonical":"https:\/\/usmilecenter.com\/en\/bebes-en-riesgo\/","og_locale":"en_US","og_type":"article","og_title":"Beb\u00e9s en riesgo por enfermedad periodontal - Usmile Center - Clinica Dental","og_description":"La enfermedad periodontal \u2013una infecci\u00f3n en los tejidos que sostienen los dientes\u2013 es un factor de riesgo muy alto de parto prematuro.","og_url":"https:\/\/usmilecenter.com\/en\/bebes-en-riesgo\/","og_site_name":"Usmile Center - Clinica Dental","article_published_time":"2021-08-09T02:05:35+00:00","article_modified_time":"2021-08-09T02:09:13+00:00","og_image":[{"width":1200,"height":625,"url":"https:\/\/usmilecenter.com\/wp-content\/uploads\/2021\/08\/bebes-y-enfermedad-periodontal.jpg","type":"image\/jpeg"}],"author":"admin","twitter_card":"summary_large_image","twitter_misc":{"Written by":"admin","Est. reading time":"2 minutes"},"schema":{"@context":"https:\/\/schema.org","@graph":[{"@type":"WebPage","@id":"https:\/\/usmilecenter.com\/bebes-en-riesgo\/","url":"https:\/\/usmilecenter.com\/bebes-en-riesgo\/","name":"Beb\u00e9s en riesgo por enfermedad periodontal - Usmile Center - Clinica Dental","isPartOf":{"@id":"https:\/\/usmilecenter.com\/#website"},"datePublished":"2021-08-09T02:05:35+00:00","dateModified":"2021-08-09T02:09:13+00:00","author":{"@id":"https:\/\/usmilecenter.com\/#\/schema\/person\/215b810907165c1a583e895d03601336"},"description":"La enfermedad periodontal \u2013una infecci\u00f3n en los tejidos que sostienen los dientes\u2013 es un factor de riesgo muy alto de parto prematuro.","breadcrumb":{"@id":"https:\/\/usmilecenter.com\/bebes-en-riesgo\/#breadcrumb"},"inLanguage":"en-US","potentialAction":[{"@type":"ReadAction","target":["https:\/\/usmilecenter.com\/bebes-en-riesgo\/"]}]},{"@type":"BreadcrumbList","@id":"https:\/\/usmilecenter.com\/bebes-en-riesgo\/#breadcrumb","itemListElement":[{"@type":"ListItem","position":1,"name":"Portada","item":"https:\/\/usmilecenter.com\/"},{"@type":"ListItem","position":2,"name":"Beb\u00e9s en riesgo por enfermedad periodontal"}]},{"@type":"WebSite","@id":"https:\/\/usmilecenter.com\/#website","url":"https:\/\/usmilecenter.com\/","name":"Usmile Center - Clinica Dental","description":"Tu mejor sonrisa","potentialAction":[{"@type":"SearchAction","target":{"@type":"EntryPoint","urlTemplate":"https:\/\/usmilecenter.com\/?s={search_term_string}"},"query-input":"required name=search_term_string"}],"inLanguage":"en-US"},{"@type":"Person","@id":"https:\/\/usmilecenter.com\/#\/schema\/person\/215b810907165c1a583e895d03601336","name":"admin","image":{"@type":"ImageObject","inLanguage":"en-US","@id":"https:\/\/usmilecenter.com\/#\/schema\/person\/image\/","url":"https:\/\/secure.gravatar.com\/avatar\/06736c2e56078d3b81af87c0b2236d81?s=96&d=mm&r=g","contentUrl":"https:\/\/secure.gravatar.com\/avatar\/06736c2e56078d3b81af87c0b2236d81?s=96&d=mm&r=g","caption":"admin"},"sameAs":["https:\/\/usmilecenter.com"],"url":"https:\/\/usmilecenter.com\/en\/author\/admin\/"}]}},"_links":{"self":[{"href":"https:\/\/usmilecenter.com\/en\/wp-json\/wp\/v2\/posts\/626"}],"collection":[{"href":"https:\/\/usmilecenter.com\/en\/wp-json\/wp\/v2\/posts"}],"about":[{"href":"https:\/\/usmilecenter.com\/en\/wp-json\/wp\/v2\/types\/post"}],"author":[{"embeddable":true,"href":"https:\/\/usmilecenter.com\/en\/wp-json\/wp\/v2\/users\/1"}],"replies":[{"embeddable":true,"href":"https:\/\/usmilecenter.com\/en\/wp-json\/wp\/v2\/comments?post=626"}],"version-history":[{"count":1,"href":"https:\/\/usmilecenter.com\/en\/wp-json\/wp\/v2\/posts\/626\/revisions"}],"predecessor-version":[{"id":627,"href":"https:\/\/usmilecenter.com\/en\/wp-json\/wp\/v2\/posts\/626\/revisions\/627"}],"wp:featuredmedia":[{"embeddable":true,"href":"https:\/\/usmilecenter.com\/en\/wp-json\/wp\/v2\/media\/623"}],"wp:attachment":[{"href":"https:\/\/usmilecenter.com\/en\/wp-json\/wp\/v2\/media?parent=626"}],"wp:term":[{"taxonomy":"category","embeddable":true,"href":"https:\/\/usmilecenter.com\/en\/wp-json\/wp\/v2\/categories?post=626"},{"taxonomy":"post_tag","embeddable":true,"href":"https:\/\/usmilecenter.com\/en\/wp-json\/wp\/v2\/tags?post=626"}],"curies":[{"name":"wp","href":"https:\/\/api.w.org\/{rel}","templated":true}]}}