{"id":681,"date":"2021-09-06T00:57:21","date_gmt":"2021-09-06T05:57:21","guid":{"rendered":"https:\/\/usmilecenter.com\/?p=681"},"modified":"2021-09-06T01:00:07","modified_gmt":"2021-09-06T06:00:07","slug":"caries-del-biberon","status":"publish","type":"post","link":"https:\/\/usmilecenter.com\/en\/caries-del-biberon\/","title":{"rendered":"La r\u00e1pida y agresiva caries del biber\u00f3n"},"content":{"rendered":"<h2 class=\"wp-block-heading\">La r\u00e1pida y agresiva caries del biber\u00f3n<\/h2>\n\n\n\n<p id=\"geom_inter_1630904273402_63_8\">Se estima que entre 6 y 8% de la poblaci\u00f3n infantil padece caries del biber\u00f3n, una enfermedad de evoluci\u00f3n r\u00e1pida y agresiva que afecta la dentici\u00f3n temporal. &nbsp;<\/p>\n\n\n\n<p>Durante muchos a\u00f1os, se le denomin\u00f3 \u201cdientes negros en ni\u00f1os peque\u00f1os\u201d, en referencia al aspecto de las lesiones. Se presenta, sobre todo, en ni\u00f1os que toman biber\u00f3n luego de los 12 meses de edad:\u00a0<\/p>\n\n\n\n<p>&#8211; Acostumbran quedarse dormidos con el chupete del biber\u00f3n en la boca. &nbsp;<\/p>\n\n\n\n<p>&#8211; Llevan una higiene bucal deficiente. &nbsp;<\/p>\n\n\n\n<p>&#8211; Consumen f\u00f3rmulas de leche azucaradas. &nbsp;<\/p>\n\n\n\n<p>Los dientes afectados suelen ser los incisivos superiores, caninos y molares temporales; las piezas inferiores resultan protegidas por la posici\u00f3n de la lengua durante la succi\u00f3n.&nbsp;&nbsp;&nbsp;<\/p>\n\n\n\n<p>La caries del biber\u00f3n produce dolor al comer, beber e incluso al dormir. Impacta tambi\u00e9n el desarrollo f\u00edsico, social y emocional del ni\u00f1o al afectar la masticaci\u00f3n, el habla, as\u00ed como la autoestima. &nbsp;<\/p>\n\n\n\n<p>\u00bfC\u00f3mo prevenir este padecimiento?&nbsp;&nbsp;<\/p>\n\n\n\n<ol><li>Ense\u00f1a a tu beb\u00e9 a usar taza o vaso en lugar de biber\u00f3n cumplidos sus 12 meses.&nbsp;<\/li><li>Mu\u00e9strale t\u00e9cnicas de cepillado dental.&nbsp;<\/li><li>Evita darle alimentos o bebidas azucaradas.&nbsp;&nbsp;&nbsp;<\/li><li>Ll\u00e9valo al dentista a partir de la erupci\u00f3n de sus primeros dientes de leche.<\/li><\/ol>","protected":false},"excerpt":{"rendered":"<p>La r\u00e1pida y agresiva caries del biber\u00f3n Se estima que entre 6 y 8% de &#8230; <a title=\"La r\u00e1pida y agresiva caries del biber\u00f3n\" class=\"read-more\" href=\"https:\/\/usmilecenter.com\/en\/caries-del-biberon\/\" aria-label=\"More on La r\u00e1pida y agresiva caries del biber\u00f3n\">Read more<\/a><\/p>","protected":false},"author":1,"featured_media":682,"comment_status":"open","ping_status":"closed","sticky":false,"template":"","format":"standard","meta":{"footnotes":""},"categories":[1],"tags":[],"yoast_head":"<!-- This site is optimized with the Yoast SEO plugin v19.6 - https:\/\/yoast.com\/wordpress\/plugins\/seo\/ -->\n<title>La r\u00e1pida y agresiva caries del biber\u00f3n - Usmile Center - Clinica Dental<\/title>\n<meta name=\"description\" content=\"La r\u00e1pida y agresiva caries del biber\u00f3n. Se estima que entre 6 y 8% de la poblaci\u00f3n infantil padece caries del biber\u00f3n, una enfermedad...\" \/>\n<meta name=\"robots\" content=\"index, follow, max-snippet:-1, max-image-preview:large, max-video-preview:-1\" \/>\n<link rel=\"canonical\" href=\"https:\/\/usmilecenter.com\/en\/caries-del-biberon\/\" \/>\n<meta property=\"og:locale\" content=\"en_US\" \/>\n<meta property=\"og:type\" content=\"article\" \/>\n<meta property=\"og:title\" content=\"La r\u00e1pida y agresiva caries del biber\u00f3n - Usmile Center - Clinica Dental\" \/>\n<meta property=\"og:description\" content=\"La r\u00e1pida y agresiva caries del biber\u00f3n. Se estima que entre 6 y 8% de la poblaci\u00f3n infantil padece caries del biber\u00f3n, una enfermedad...\" \/>\n<meta property=\"og:url\" content=\"https:\/\/usmilecenter.com\/en\/caries-del-biberon\/\" \/>\n<meta property=\"og:site_name\" content=\"Usmile Center - Clinica Dental\" \/>\n<meta property=\"article:published_time\" content=\"2021-09-06T05:57:21+00:00\" \/>\n<meta property=\"article:modified_time\" content=\"2021-09-06T06:00:07+00:00\" \/>\n<meta property=\"og:image\" content=\"https:\/\/usmilecenter.com\/wp-content\/uploads\/2021\/09\/caries-del-biberon.jpg\" \/>\n\t<meta property=\"og:image:width\" content=\"1200\" \/>\n\t<meta property=\"og:image:height\" content=\"625\" \/>\n\t<meta property=\"og:image:type\" content=\"image\/jpeg\" \/>\n<meta name=\"author\" content=\"admin\" \/>\n<meta name=\"twitter:card\" content=\"summary_large_image\" \/>\n<meta name=\"twitter:label1\" content=\"Written by\" \/>\n\t<meta name=\"twitter:data1\" content=\"admin\" \/>\n\t<meta name=\"twitter:label2\" content=\"Est. reading time\" \/>\n\t<meta name=\"twitter:data2\" content=\"1 minute\" \/>\n<script type=\"application\/ld+json\" class=\"yoast-schema-graph\">{\"@context\":\"https:\/\/schema.org\",\"@graph\":[{\"@type\":\"WebPage\",\"@id\":\"https:\/\/usmilecenter.com\/caries-del-biberon\/\",\"url\":\"https:\/\/usmilecenter.com\/caries-del-biberon\/\",\"name\":\"La r\u00e1pida y agresiva caries del biber\u00f3n - Usmile Center - Clinica Dental\",\"isPartOf\":{\"@id\":\"https:\/\/usmilecenter.com\/#website\"},\"datePublished\":\"2021-09-06T05:57:21+00:00\",\"dateModified\":\"2021-09-06T06:00:07+00:00\",\"author\":{\"@id\":\"https:\/\/usmilecenter.com\/#\/schema\/person\/215b810907165c1a583e895d03601336\"},\"description\":\"La r\u00e1pida y agresiva caries del biber\u00f3n. Se estima que entre 6 y 8% de la poblaci\u00f3n infantil padece caries del biber\u00f3n, una enfermedad...\",\"breadcrumb\":{\"@id\":\"https:\/\/usmilecenter.com\/caries-del-biberon\/#breadcrumb\"},\"inLanguage\":\"en-US\",\"potentialAction\":[{\"@type\":\"ReadAction\",\"target\":[\"https:\/\/usmilecenter.com\/caries-del-biberon\/\"]}]},{\"@type\":\"BreadcrumbList\",\"@id\":\"https:\/\/usmilecenter.com\/caries-del-biberon\/#breadcrumb\",\"itemListElement\":[{\"@type\":\"ListItem\",\"position\":1,\"name\":\"Portada\",\"item\":\"https:\/\/usmilecenter.com\/\"},{\"@type\":\"ListItem\",\"position\":2,\"name\":\"La r\u00e1pida y agresiva caries del biber\u00f3n\"}]},{\"@type\":\"WebSite\",\"@id\":\"https:\/\/usmilecenter.com\/#website\",\"url\":\"https:\/\/usmilecenter.com\/\",\"name\":\"Usmile Center - Clinica Dental\",\"description\":\"Tu mejor sonrisa\",\"potentialAction\":[{\"@type\":\"SearchAction\",\"target\":{\"@type\":\"EntryPoint\",\"urlTemplate\":\"https:\/\/usmilecenter.com\/?s={search_term_string}\"},\"query-input\":\"required name=search_term_string\"}],\"inLanguage\":\"en-US\"},{\"@type\":\"Person\",\"@id\":\"https:\/\/usmilecenter.com\/#\/schema\/person\/215b810907165c1a583e895d03601336\",\"name\":\"admin\",\"image\":{\"@type\":\"ImageObject\",\"inLanguage\":\"en-US\",\"@id\":\"https:\/\/usmilecenter.com\/#\/schema\/person\/image\/\",\"url\":\"https:\/\/secure.gravatar.com\/avatar\/06736c2e56078d3b81af87c0b2236d81?s=96&d=mm&r=g\",\"contentUrl\":\"https:\/\/secure.gravatar.com\/avatar\/06736c2e56078d3b81af87c0b2236d81?s=96&d=mm&r=g\",\"caption\":\"admin\"},\"sameAs\":[\"https:\/\/usmilecenter.com\"],\"url\":\"https:\/\/usmilecenter.com\/en\/author\/admin\/\"}]}<\/script>\n<!-- \/ Yoast SEO plugin. -->","yoast_head_json":{"title":"La r\u00e1pida y agresiva caries del biber\u00f3n - Usmile Center - Clinica Dental","description":"La r\u00e1pida y agresiva caries del biber\u00f3n. Se estima que entre 6 y 8% de la poblaci\u00f3n infantil padece caries del biber\u00f3n, una enfermedad...","robots":{"index":"index","follow":"follow","max-snippet":"max-snippet:-1","max-image-preview":"max-image-preview:large","max-video-preview":"max-video-preview:-1"},"canonical":"https:\/\/usmilecenter.com\/en\/caries-del-biberon\/","og_locale":"en_US","og_type":"article","og_title":"La r\u00e1pida y agresiva caries del biber\u00f3n - Usmile Center - Clinica Dental","og_description":"La r\u00e1pida y agresiva caries del biber\u00f3n. Se estima que entre 6 y 8% de la poblaci\u00f3n infantil padece caries del biber\u00f3n, una enfermedad...","og_url":"https:\/\/usmilecenter.com\/en\/caries-del-biberon\/","og_site_name":"Usmile Center - Clinica Dental","article_published_time":"2021-09-06T05:57:21+00:00","article_modified_time":"2021-09-06T06:00:07+00:00","og_image":[{"width":1200,"height":625,"url":"https:\/\/usmilecenter.com\/wp-content\/uploads\/2021\/09\/caries-del-biberon.jpg","type":"image\/jpeg"}],"author":"admin","twitter_card":"summary_large_image","twitter_misc":{"Written by":"admin","Est. reading time":"1 minute"},"schema":{"@context":"https:\/\/schema.org","@graph":[{"@type":"WebPage","@id":"https:\/\/usmilecenter.com\/caries-del-biberon\/","url":"https:\/\/usmilecenter.com\/caries-del-biberon\/","name":"La r\u00e1pida y agresiva caries del biber\u00f3n - Usmile Center - Clinica Dental","isPartOf":{"@id":"https:\/\/usmilecenter.com\/#website"},"datePublished":"2021-09-06T05:57:21+00:00","dateModified":"2021-09-06T06:00:07+00:00","author":{"@id":"https:\/\/usmilecenter.com\/#\/schema\/person\/215b810907165c1a583e895d03601336"},"description":"La r\u00e1pida y agresiva caries del biber\u00f3n. Se estima que entre 6 y 8% de la poblaci\u00f3n infantil padece caries del biber\u00f3n, una enfermedad...","breadcrumb":{"@id":"https:\/\/usmilecenter.com\/caries-del-biberon\/#breadcrumb"},"inLanguage":"en-US","potentialAction":[{"@type":"ReadAction","target":["https:\/\/usmilecenter.com\/caries-del-biberon\/"]}]},{"@type":"BreadcrumbList","@id":"https:\/\/usmilecenter.com\/caries-del-biberon\/#breadcrumb","itemListElement":[{"@type":"ListItem","position":1,"name":"Portada","item":"https:\/\/usmilecenter.com\/"},{"@type":"ListItem","position":2,"name":"La r\u00e1pida y agresiva caries del biber\u00f3n"}]},{"@type":"WebSite","@id":"https:\/\/usmilecenter.com\/#website","url":"https:\/\/usmilecenter.com\/","name":"Usmile Center - Clinica Dental","description":"Tu mejor sonrisa","potentialAction":[{"@type":"SearchAction","target":{"@type":"EntryPoint","urlTemplate":"https:\/\/usmilecenter.com\/?s={search_term_string}"},"query-input":"required name=search_term_string"}],"inLanguage":"en-US"},{"@type":"Person","@id":"https:\/\/usmilecenter.com\/#\/schema\/person\/215b810907165c1a583e895d03601336","name":"admin","image":{"@type":"ImageObject","inLanguage":"en-US","@id":"https:\/\/usmilecenter.com\/#\/schema\/person\/image\/","url":"https:\/\/secure.gravatar.com\/avatar\/06736c2e56078d3b81af87c0b2236d81?s=96&d=mm&r=g","contentUrl":"https:\/\/secure.gravatar.com\/avatar\/06736c2e56078d3b81af87c0b2236d81?s=96&d=mm&r=g","caption":"admin"},"sameAs":["https:\/\/usmilecenter.com"],"url":"https:\/\/usmilecenter.com\/en\/author\/admin\/"}]}},"_links":{"self":[{"href":"https:\/\/usmilecenter.com\/en\/wp-json\/wp\/v2\/posts\/681"}],"collection":[{"href":"https:\/\/usmilecenter.com\/en\/wp-json\/wp\/v2\/posts"}],"about":[{"href":"https:\/\/usmilecenter.com\/en\/wp-json\/wp\/v2\/types\/post"}],"author":[{"embeddable":true,"href":"https:\/\/usmilecenter.com\/en\/wp-json\/wp\/v2\/users\/1"}],"replies":[{"embeddable":true,"href":"https:\/\/usmilecenter.com\/en\/wp-json\/wp\/v2\/comments?post=681"}],"version-history":[{"count":1,"href":"https:\/\/usmilecenter.com\/en\/wp-json\/wp\/v2\/posts\/681\/revisions"}],"predecessor-version":[{"id":683,"href":"https:\/\/usmilecenter.com\/en\/wp-json\/wp\/v2\/posts\/681\/revisions\/683"}],"wp:featuredmedia":[{"embeddable":true,"href":"https:\/\/usmilecenter.com\/en\/wp-json\/wp\/v2\/media\/682"}],"wp:attachment":[{"href":"https:\/\/usmilecenter.com\/en\/wp-json\/wp\/v2\/media?parent=681"}],"wp:term":[{"taxonomy":"category","embeddable":true,"href":"https:\/\/usmilecenter.com\/en\/wp-json\/wp\/v2\/categories?post=681"},{"taxonomy":"post_tag","embeddable":true,"href":"https:\/\/usmilecenter.com\/en\/wp-json\/wp\/v2\/tags?post=681"}],"curies":[{"name":"wp","href":"https:\/\/api.w.org\/{rel}","templated":true}]}}