{"id":719,"date":"2021-09-24T09:18:54","date_gmt":"2021-09-24T14:18:54","guid":{"rendered":"https:\/\/usmilecenter.com\/?p=719"},"modified":"2021-09-27T18:06:11","modified_gmt":"2021-09-27T23:06:11","slug":"depresion-y-salud-oral","status":"publish","type":"post","link":"https:\/\/usmilecenter.com\/en\/depresion-y-salud-oral\/","title":{"rendered":"Depresi\u00f3n y salud oral"},"content":{"rendered":"<h2 class=\"wp-block-heading\">C\u00f3mo la depresi\u00f3n afecta nuestra salud oral<\/h2>\n\n\n\n<p>Un estudio del Consejo General de Dentistas de Espa\u00f1a revel\u00f3 que 61% de los pacientes con depresi\u00f3n sufre dolor dental y 50% de\u00a0ellos considera que su salud dental no es buena.\u00a0<\/p>\n\n\n\n<p>La persona con depresi\u00f3n experimenta tristeza, p\u00e9rdida de inter\u00e9s, sentimientos de culpabilidad, baja autoestima, trastornos del sue\u00f1o, alteraciones del apetito, cansancio y problemas de concentraci\u00f3n, entre otros s\u00edntomas.&nbsp;<\/p>\n\n\n\n<p>Este trastorno, resultado de una interacci\u00f3n entre factores biol\u00f3gicos, psicol\u00f3gicos y sociales, puede asociarse tambi\u00e9n a diferentes problemas bucodentales. &nbsp;<\/p>\n\n\n\n<ul><li>Dolor en la mand\u00edbula y limitaciones para abrir la boca&nbsp;<\/li><li>Sensaciones de ardor en la boca&nbsp;<\/li><li>Mal aliento&nbsp;<\/li><li>Infecci\u00f3n de las enc\u00edas&nbsp;&nbsp;&nbsp;&nbsp;<\/li><li>Sequedad en la boca y cambios en la saliva &nbsp;<\/li><li>Aumento en el riesgo de caries<\/li><\/ul>\n\n\n\n<h2 class=\"wp-block-heading\">Un c\u00edrculo vicioso<\/h2>\n\n\n\n<p>Se le considera a la depresi\u00f3n como un sentimiento continuo de tensi\u00f3n f\u00edsica o emocional (estr\u00e9s), que dispara en el organismo los niveles de cortisol, una hormona que debilita el sistema inmunol\u00f3gico volvi\u00e9ndonos vulnerables a enfermedad de las enc\u00edas.<\/p>\n\n\n\n<p>En otro sentido, la p\u00e9rdida de piezas dentales, mal aliento y padecimientos de las enc\u00edas aumentan el riesgo en las personas de sufrir trastorno depresivo.<\/p>\n\n\n\n<p>Los antidepresivos y los medicamentos contra la ansiedad resecan la boca. Esta falta de saliva fomenta la formaci\u00f3n de caries.<\/p>\n\n\n\n<p>Muchas personas sufren de depresi\u00f3n sin ni siquiera saberlo. En muchos casos, lo dif\u00edcil a veces no es pedir ayuda profesional, sino reconocer que s\u00f3lo con este apoyo se puede superar este padecimiento.<\/p>","protected":false},"excerpt":{"rendered":"<p>C\u00f3mo la depresi\u00f3n afecta nuestra salud oral Un estudio del Consejo General de Dentistas de &#8230; <a title=\"Depresi\u00f3n y salud oral\" class=\"read-more\" href=\"https:\/\/usmilecenter.com\/en\/depresion-y-salud-oral\/\" aria-label=\"More on Depresi\u00f3n y salud oral\">Read more<\/a><\/p>","protected":false},"author":1,"featured_media":717,"comment_status":"open","ping_status":"closed","sticky":false,"template":"","format":"standard","meta":{"footnotes":""},"categories":[1],"tags":[],"yoast_head":"<!-- This site is optimized with the Yoast SEO plugin v19.6 - https:\/\/yoast.com\/wordpress\/plugins\/seo\/ -->\n<title>Depresi\u00f3n y salud oral - Usmile Center - Clinica Dental<\/title>\n<meta name=\"description\" content=\"C\u00f3mo la depresi\u00f3n afecta nuestra salud oral. Un estudio del Consejo General de Dentistas de Espa\u00f1a revel\u00f3 que 61% de los pacientes con dep...\" \/>\n<meta name=\"robots\" content=\"index, follow, max-snippet:-1, max-image-preview:large, max-video-preview:-1\" \/>\n<link rel=\"canonical\" href=\"https:\/\/usmilecenter.com\/en\/depresion-y-salud-oral\/\" \/>\n<meta property=\"og:locale\" content=\"en_US\" \/>\n<meta property=\"og:type\" content=\"article\" \/>\n<meta property=\"og:title\" content=\"Depresi\u00f3n y salud oral - Usmile Center - Clinica Dental\" \/>\n<meta property=\"og:description\" content=\"C\u00f3mo la depresi\u00f3n afecta nuestra salud oral. Un estudio del Consejo General de Dentistas de Espa\u00f1a revel\u00f3 que 61% de los pacientes con dep...\" \/>\n<meta property=\"og:url\" content=\"https:\/\/usmilecenter.com\/en\/depresion-y-salud-oral\/\" \/>\n<meta property=\"og:site_name\" content=\"Usmile Center - Clinica Dental\" \/>\n<meta property=\"article:published_time\" content=\"2021-09-24T14:18:54+00:00\" \/>\n<meta property=\"article:modified_time\" content=\"2021-09-27T23:06:11+00:00\" \/>\n<meta property=\"og:image\" content=\"https:\/\/usmilecenter.com\/wp-content\/uploads\/2021\/09\/depresion-y-salud-oral.jpg\" \/>\n\t<meta property=\"og:image:width\" content=\"1200\" \/>\n\t<meta property=\"og:image:height\" content=\"625\" \/>\n\t<meta property=\"og:image:type\" content=\"image\/jpeg\" \/>\n<meta name=\"author\" content=\"admin\" \/>\n<meta name=\"twitter:card\" content=\"summary_large_image\" \/>\n<meta name=\"twitter:label1\" content=\"Written by\" \/>\n\t<meta name=\"twitter:data1\" content=\"admin\" \/>\n\t<meta name=\"twitter:label2\" content=\"Est. reading time\" \/>\n\t<meta name=\"twitter:data2\" content=\"2 minutes\" \/>\n<script type=\"application\/ld+json\" class=\"yoast-schema-graph\">{\"@context\":\"https:\/\/schema.org\",\"@graph\":[{\"@type\":\"WebPage\",\"@id\":\"https:\/\/usmilecenter.com\/depresion-y-salud-oral\/\",\"url\":\"https:\/\/usmilecenter.com\/depresion-y-salud-oral\/\",\"name\":\"Depresi\u00f3n y salud oral - Usmile Center - Clinica Dental\",\"isPartOf\":{\"@id\":\"https:\/\/usmilecenter.com\/#website\"},\"datePublished\":\"2021-09-24T14:18:54+00:00\",\"dateModified\":\"2021-09-27T23:06:11+00:00\",\"author\":{\"@id\":\"https:\/\/usmilecenter.com\/#\/schema\/person\/215b810907165c1a583e895d03601336\"},\"description\":\"C\u00f3mo la depresi\u00f3n afecta nuestra salud oral. Un estudio del Consejo General de Dentistas de Espa\u00f1a revel\u00f3 que 61% de los pacientes con dep...\",\"breadcrumb\":{\"@id\":\"https:\/\/usmilecenter.com\/depresion-y-salud-oral\/#breadcrumb\"},\"inLanguage\":\"en-US\",\"potentialAction\":[{\"@type\":\"ReadAction\",\"target\":[\"https:\/\/usmilecenter.com\/depresion-y-salud-oral\/\"]}]},{\"@type\":\"BreadcrumbList\",\"@id\":\"https:\/\/usmilecenter.com\/depresion-y-salud-oral\/#breadcrumb\",\"itemListElement\":[{\"@type\":\"ListItem\",\"position\":1,\"name\":\"Portada\",\"item\":\"https:\/\/usmilecenter.com\/\"},{\"@type\":\"ListItem\",\"position\":2,\"name\":\"Depresi\u00f3n y salud oral\"}]},{\"@type\":\"WebSite\",\"@id\":\"https:\/\/usmilecenter.com\/#website\",\"url\":\"https:\/\/usmilecenter.com\/\",\"name\":\"Usmile Center - Clinica Dental\",\"description\":\"Tu mejor sonrisa\",\"potentialAction\":[{\"@type\":\"SearchAction\",\"target\":{\"@type\":\"EntryPoint\",\"urlTemplate\":\"https:\/\/usmilecenter.com\/?s={search_term_string}\"},\"query-input\":\"required name=search_term_string\"}],\"inLanguage\":\"en-US\"},{\"@type\":\"Person\",\"@id\":\"https:\/\/usmilecenter.com\/#\/schema\/person\/215b810907165c1a583e895d03601336\",\"name\":\"admin\",\"image\":{\"@type\":\"ImageObject\",\"inLanguage\":\"en-US\",\"@id\":\"https:\/\/usmilecenter.com\/#\/schema\/person\/image\/\",\"url\":\"https:\/\/secure.gravatar.com\/avatar\/06736c2e56078d3b81af87c0b2236d81?s=96&d=mm&r=g\",\"contentUrl\":\"https:\/\/secure.gravatar.com\/avatar\/06736c2e56078d3b81af87c0b2236d81?s=96&d=mm&r=g\",\"caption\":\"admin\"},\"sameAs\":[\"https:\/\/usmilecenter.com\"],\"url\":\"https:\/\/usmilecenter.com\/en\/author\/admin\/\"}]}<\/script>\n<!-- \/ Yoast SEO plugin. -->","yoast_head_json":{"title":"Depresi\u00f3n y salud oral - Usmile Center - Clinica Dental","description":"C\u00f3mo la depresi\u00f3n afecta nuestra salud oral. Un estudio del Consejo General de Dentistas de Espa\u00f1a revel\u00f3 que 61% de los pacientes con dep...","robots":{"index":"index","follow":"follow","max-snippet":"max-snippet:-1","max-image-preview":"max-image-preview:large","max-video-preview":"max-video-preview:-1"},"canonical":"https:\/\/usmilecenter.com\/en\/depresion-y-salud-oral\/","og_locale":"en_US","og_type":"article","og_title":"Depresi\u00f3n y salud oral - Usmile Center - Clinica Dental","og_description":"C\u00f3mo la depresi\u00f3n afecta nuestra salud oral. Un estudio del Consejo General de Dentistas de Espa\u00f1a revel\u00f3 que 61% de los pacientes con dep...","og_url":"https:\/\/usmilecenter.com\/en\/depresion-y-salud-oral\/","og_site_name":"Usmile Center - Clinica Dental","article_published_time":"2021-09-24T14:18:54+00:00","article_modified_time":"2021-09-27T23:06:11+00:00","og_image":[{"width":1200,"height":625,"url":"https:\/\/usmilecenter.com\/wp-content\/uploads\/2021\/09\/depresion-y-salud-oral.jpg","type":"image\/jpeg"}],"author":"admin","twitter_card":"summary_large_image","twitter_misc":{"Written by":"admin","Est. reading time":"2 minutes"},"schema":{"@context":"https:\/\/schema.org","@graph":[{"@type":"WebPage","@id":"https:\/\/usmilecenter.com\/depresion-y-salud-oral\/","url":"https:\/\/usmilecenter.com\/depresion-y-salud-oral\/","name":"Depresi\u00f3n y salud oral - Usmile Center - Clinica Dental","isPartOf":{"@id":"https:\/\/usmilecenter.com\/#website"},"datePublished":"2021-09-24T14:18:54+00:00","dateModified":"2021-09-27T23:06:11+00:00","author":{"@id":"https:\/\/usmilecenter.com\/#\/schema\/person\/215b810907165c1a583e895d03601336"},"description":"C\u00f3mo la depresi\u00f3n afecta nuestra salud oral. Un estudio del Consejo General de Dentistas de Espa\u00f1a revel\u00f3 que 61% de los pacientes con dep...","breadcrumb":{"@id":"https:\/\/usmilecenter.com\/depresion-y-salud-oral\/#breadcrumb"},"inLanguage":"en-US","potentialAction":[{"@type":"ReadAction","target":["https:\/\/usmilecenter.com\/depresion-y-salud-oral\/"]}]},{"@type":"BreadcrumbList","@id":"https:\/\/usmilecenter.com\/depresion-y-salud-oral\/#breadcrumb","itemListElement":[{"@type":"ListItem","position":1,"name":"Portada","item":"https:\/\/usmilecenter.com\/"},{"@type":"ListItem","position":2,"name":"Depresi\u00f3n y salud oral"}]},{"@type":"WebSite","@id":"https:\/\/usmilecenter.com\/#website","url":"https:\/\/usmilecenter.com\/","name":"Usmile Center - Clinica Dental","description":"Tu mejor sonrisa","potentialAction":[{"@type":"SearchAction","target":{"@type":"EntryPoint","urlTemplate":"https:\/\/usmilecenter.com\/?s={search_term_string}"},"query-input":"required name=search_term_string"}],"inLanguage":"en-US"},{"@type":"Person","@id":"https:\/\/usmilecenter.com\/#\/schema\/person\/215b810907165c1a583e895d03601336","name":"admin","image":{"@type":"ImageObject","inLanguage":"en-US","@id":"https:\/\/usmilecenter.com\/#\/schema\/person\/image\/","url":"https:\/\/secure.gravatar.com\/avatar\/06736c2e56078d3b81af87c0b2236d81?s=96&d=mm&r=g","contentUrl":"https:\/\/secure.gravatar.com\/avatar\/06736c2e56078d3b81af87c0b2236d81?s=96&d=mm&r=g","caption":"admin"},"sameAs":["https:\/\/usmilecenter.com"],"url":"https:\/\/usmilecenter.com\/en\/author\/admin\/"}]}},"_links":{"self":[{"href":"https:\/\/usmilecenter.com\/en\/wp-json\/wp\/v2\/posts\/719"}],"collection":[{"href":"https:\/\/usmilecenter.com\/en\/wp-json\/wp\/v2\/posts"}],"about":[{"href":"https:\/\/usmilecenter.com\/en\/wp-json\/wp\/v2\/types\/post"}],"author":[{"embeddable":true,"href":"https:\/\/usmilecenter.com\/en\/wp-json\/wp\/v2\/users\/1"}],"replies":[{"embeddable":true,"href":"https:\/\/usmilecenter.com\/en\/wp-json\/wp\/v2\/comments?post=719"}],"version-history":[{"count":2,"href":"https:\/\/usmilecenter.com\/en\/wp-json\/wp\/v2\/posts\/719\/revisions"}],"predecessor-version":[{"id":725,"href":"https:\/\/usmilecenter.com\/en\/wp-json\/wp\/v2\/posts\/719\/revisions\/725"}],"wp:featuredmedia":[{"embeddable":true,"href":"https:\/\/usmilecenter.com\/en\/wp-json\/wp\/v2\/media\/717"}],"wp:attachment":[{"href":"https:\/\/usmilecenter.com\/en\/wp-json\/wp\/v2\/media?parent=719"}],"wp:term":[{"taxonomy":"category","embeddable":true,"href":"https:\/\/usmilecenter.com\/en\/wp-json\/wp\/v2\/categories?post=719"},{"taxonomy":"post_tag","embeddable":true,"href":"https:\/\/usmilecenter.com\/en\/wp-json\/wp\/v2\/tags?post=719"}],"curies":[{"name":"wp","href":"https:\/\/api.w.org\/{rel}","templated":true}]}}